{"id":6227,"date":"2022-09-27T09:58:21","date_gmt":"2022-09-27T09:58:21","guid":{"rendered":"https:\/\/www.ccactores.com\/?p=6227"},"modified":"2022-10-04T08:51:38","modified_gmt":"2022-10-04T08:51:38","slug":"cristhian-esquivel","status":"publish","type":"post","link":"https:\/\/www.ccactores.com\/?p=6227","title":{"rendered":"Cristhian Esquivel"},"content":{"rendered":"\n<figure class=\"wp-block-gallery has-nested-images columns-default is-cropped wp-block-gallery-1 is-layout-flex wp-block-gallery-is-layout-flex\">\n<figure class=\"wp-block-image size-large is-style-default\"><img loading=\"lazy\" decoding=\"async\" width=\"1656\" height=\"2560\" data-id=\"6224\" src=\"https:\/\/www.ccactores.com\/wp-content\/uploads\/2022\/09\/CRISTHIAN-ESQUIVEL-2-scaled.jpg\" alt=\"\" class=\"wp-image-6224\" srcset=\"https:\/\/www.ccactores.com\/wp-content\/uploads\/2022\/09\/CRISTHIAN-ESQUIVEL-2-scaled.jpg 1656w, https:\/\/www.ccactores.com\/wp-content\/uploads\/2022\/09\/CRISTHIAN-ESQUIVEL-2-194x300.jpg 194w, https:\/\/www.ccactores.com\/wp-content\/uploads\/2022\/09\/CRISTHIAN-ESQUIVEL-2-663x1024.jpg 663w, https:\/\/www.ccactores.com\/wp-content\/uploads\/2022\/09\/CRISTHIAN-ESQUIVEL-2-768x1187.jpg 768w, https:\/\/www.ccactores.com\/wp-content\/uploads\/2022\/09\/CRISTHIAN-ESQUIVEL-2-994x1536.jpg 994w, https:\/\/www.ccactores.com\/wp-content\/uploads\/2022\/09\/CRISTHIAN-ESQUIVEL-2-1325x2048.jpg 1325w\" sizes=\"auto, (max-width: 1656px) 100vw, 1656px\" \/><\/figure>\n\n\n\n<figure class=\"wp-block-image size-large is-style-default\"><img loading=\"lazy\" decoding=\"async\" width=\"1736\" height=\"2560\" data-id=\"6223\" src=\"https:\/\/www.ccactores.com\/wp-content\/uploads\/2022\/09\/CRISTHIAN-ESQUIVEL-1-scaled.jpg\" alt=\"\" class=\"wp-image-6223\" srcset=\"https:\/\/www.ccactores.com\/wp-content\/uploads\/2022\/09\/CRISTHIAN-ESQUIVEL-1-scaled.jpg 1736w, https:\/\/www.ccactores.com\/wp-content\/uploads\/2022\/09\/CRISTHIAN-ESQUIVEL-1-203x300.jpg 203w, https:\/\/www.ccactores.com\/wp-content\/uploads\/2022\/09\/CRISTHIAN-ESQUIVEL-1-695x1024.jpg 695w, https:\/\/www.ccactores.com\/wp-content\/uploads\/2022\/09\/CRISTHIAN-ESQUIVEL-1-768x1132.jpg 768w, https:\/\/www.ccactores.com\/wp-content\/uploads\/2022\/09\/CRISTHIAN-ESQUIVEL-1-1042x1536.jpg 1042w, https:\/\/www.ccactores.com\/wp-content\/uploads\/2022\/09\/CRISTHIAN-ESQUIVEL-1-1389x2048.jpg 1389w\" sizes=\"auto, (max-width: 1736px) 100vw, 1736px\" \/><\/figure>\n<\/figure>\n\n\n\n<figure class=\"wp-block-embed is-type-video is-provider-vimeo wp-block-embed-vimeo wp-embed-aspect-16-9 wp-has-aspect-ratio\"><div class=\"wp-block-embed__wrapper\">\n<iframe loading=\"lazy\" title=\"Reel Cristhian 2016\" src=\"https:\/\/player.vimeo.com\/video\/170690281?dnt=1&amp;app_id=122963\" width=\"640\" height=\"360\" frameborder=\"0\" allow=\"autoplay; fullscreen; picture-in-picture; clipboard-write\"><\/iframe>\n<\/div><\/figure>\n\n\n\n<p><a href=\"https:\/\/www.imdb.com\/name\/nm1206746\">imdb<\/a><\/p>\n\n\n\n<h2 class=\"wp-block-heading\">SERIES TELEVISI\u00d3N<\/h2>\n\n\n\n<p><strong>30 Monedas, <\/strong>direcci\u00f3n:<strong> Alex de La Iglesia, p<\/strong>ersonaje:<strong> <\/strong>Dr. Cabrera. Canarias, 2022.<\/p>\n\n\n\n<p><strong>Supernormal,<\/strong> direcci\u00f3n: <strong>Vicente Villanueva, p<\/strong>ersonaje: Cura Latino<strong>,<\/strong> Madrid, 2022.<\/p>\n\n\n\n<p><strong>Bos\u00e9, <\/strong>direcci\u00f3n:<strong> Fernando Trullols, p<\/strong>ersonaje: Militar colombiano,<strong> <\/strong>Madrid, 2022.<\/p>\n\n\n\n<p><strong>Los otros libertadores<\/strong>, personaje T\u00fapac Amaru II, Produce: Latina Tv, 2021<\/p>\n\n\n\n<p>\u00a0\u00a0\u00a0\u00a0\u00a0\u00a0\u00a0\u00a0\u00a0\u00a0\u00a0\u00a0\u00a0\u00a0\u00a0\u00a0\u00a0\u00a0\u00a0\u00a0\u00a0\u00a0\u00a0\u00a0\u00a0\u00a0\u00a0\u00a0\u00a0\u00a0\u00a0\u00a0\u00a0\u00a0\u00a0\u00a0\u00a0\u00a0\u00a0\u00a0\u00a0\u00a0\u00a0\u00a0\u00a0\u00a0\u00a0\u00a0\u00a0\u00a0\u00a0\u00a0\u00a0\u00a0\u00a0\u00a0\u00a0\u00a0\u00a0\u00a0\u00a0\u00a0\u00a0\u00a0\u00a0\u00a0\u00a0\u00a0\u00a0\u00a0\u00a0\u00a0\u00a0\u00a0\u00a0\u00a0\u00a0\u00a0\u00a0\u00a0\u00a0\u00a0\u00a0\u00a0\u00a0\u00a0\u00a0\u00a0\u00a0\u00a0\u00a0\u00a0\u00a0\u00a0\u00a0\u00a0\u00a0\u00a0\u00a0\u00a0\u00a0\u00a0\u00a0\u00a0\u00a0\u00a0\u00a0\u00a0\u00a0\u00a0\u00a0\u00a0\u00a0\u00a0\u00a0\u00a0\u00a0\u00a0\u00a0\u00a0\u00a0\u00a0\u00a0\u00a0\u00a0\u00a0\u00a0\u00a0\u00a0\u00a0\u00a0\u00a0\u00a0\u00a0\u00a0\u00a0\u00a0\u00a0\u00a0\u00a0\u00a0\u00a0\u00a0\u00a0\u00a0\u00a0\u00a0\u00a0\u00a0\u00a0\u00a0\u00a0\u00a0\u00a0\u00a0\u00a0\u00a0<\/p>\n\n\n\n<ul class=\"wp-block-list\"><li><strong>EL COMERCIO:<\/strong> <a href=\"https:\/\/elcomercio.pe\/tvmas\/series\/tupac-amaru-cristian-esquivel-y-el-reto-de-ser-tupac-amaru-en-los-otros-libertadores-le-pedi-que-entre-a-mi-cuerpo-para-asemejarme-a-el-entrevista-serie-peruana-latina-reynaldo-arenas-netflix-noticia\/\">https:\/\/elcomercio.pe\/tvmas\/series\/tupac-amaru-cristian-esquivel-y-el-reto-de-ser-tupac-amaru-en-los-otros-libertadores-le-pedi-que-entre-a-mi-cuerpo-para-asemejarme-a-el-entrevista-serie-peruana-latina-reynaldo-arenas-netflix-noticia\/<\/a><\/li><\/ul>\n\n\n\n<p><\/p>\n\n\n\n<ul class=\"wp-block-list\"><li><strong>LA REP\u00daBLICA<\/strong>: <a href=\"https:\/\/larepublica.pe\/espectaculos\/2021\/04\/15\/cristhian-esquivel-sobre-interpretar-a-tupac-amaru-fue-un-regalo-de-los-ancestros\/\">https:\/\/larepublica.pe\/espectaculos\/2021\/04\/15\/cristhian-esquivel-sobre-interpretar-a-tupac-amaru-fue-un-regalo-de-los-ancestros\/<\/a> <\/li><\/ul>\n\n\n\n<p><\/p>\n\n\n\n<ul class=\"wp-block-list\"><li>PER\u00da 21: <a href=\"https:\/\/peru21.pe\/cultura\/cristhian-esquivel-tupac-amaru-fue-el-lider-que-busco-el-cambio-television-peruana-los-otros-libertadores-bicentenario-noticia\/\">https:\/\/peru21.pe\/cultura\/cristhian-esquivel-tupac-amaru-fue-el-lider-que-busco-el-cambio-television-peruana-los-otros-libertadores-bicentenario-noticia\/<\/a><\/li><\/ul>\n\n\n\n<p><strong>Carlos, Rey Emperador<\/strong>, 2015.<\/p>\n\n\n\n<p><strong>Maras<\/strong>, 2011.<\/p>\n\n\n\n<p><strong>11-M, para que nadie lo olvide<\/strong>, 2011.<\/p>\n\n\n\n<p><strong>Cuenta atr\u00e1s<\/strong>, 2008.<\/p>\n\n\n\n<p><strong>Los misterios de Laura<\/strong>, 2009.<\/p>\n\n\n\n<p><strong>Hospital Central<\/strong>, 2006-2007.<\/p>\n\n\n\n<p><strong>Mujeres<\/strong>, 2006.<\/p>\n\n\n\n<h2 class=\"wp-block-heading\">CORTOMETRAJES<\/h2>\n\n\n\n<p><strong>Supay<\/strong>, 2018.<\/p>\n\n\n\n<p><strong>All\u00e1 por la 212<\/strong>, 2013.<\/p>\n\n\n\n<p><strong>Prom\u00e9tame que va a volver<\/strong>, 2008.<\/p>\n\n\n\n<h2 class=\"wp-block-heading\">CINE<\/h2>\n\n\n\n<p><strong>Sin Sangre\/without blood,<\/strong> direcci\u00f3n: <strong>Angelina Jolie , p<\/strong>ersonaje:<strong> Bartender,<\/strong> estudios Cinecitt\u00e1. En Roma, Italia, 2022.<\/p>\n\n\n\n<p><strong>Morenada<\/strong>, direcci\u00f3n: <strong>Hans Matos, p<\/strong>ersonaje: <strong>Hacendado Don <\/strong>Pedro, Per\u00fa, 2022.<\/p>\n\n\n\n<p><strong>Llegaron de noche<\/strong>, Imanol Uribe, 2022.<\/p>\n\n\n\n<p><strong>Mapacho<\/strong>, 2019.<\/p>\n\n\n\n<p><strong>Oro<\/strong>, 2017.<\/p>\n\n\n\n<p><strong>La casa rosada<\/strong>, 2016.<\/p>\n\n\n\n<p><strong>El preg\u00f3n<\/strong>, 2016.<\/p>\n\n\n\n<p><strong>En el coraz\u00f3n del mar<\/strong>, 2015.<\/p>\n\n\n\n<p><strong>Pueblo viejo<\/strong>,2015<\/p>\n\n\n\n<p><strong>Sebasti\u00e1n<\/strong>, 2014.<\/p>\n\n\n\n<p><strong>Los tontos y los est\u00fapidos<\/strong>, 2014.<\/p>\n\n\n\n<p><strong>El vientre<\/strong>, 2014.<\/p>\n\n\n\n<p><strong>Sue\u00f1os de Gloria<\/strong>, 2013.<\/p>\n\n\n\n<p><strong>Ciudadano Villanueva<\/strong>, 2013.<\/p>\n\n\n\n<p><strong>No habr\u00e1 paz para los malvados<\/strong>, 2011.<\/p>\n\n\n\n<p><strong>Ander<\/strong>, 2099.<\/p>\n\n\n\n<p><strong>Che: Guerrilla<\/strong>, 2008.<\/p>\n\n\n\n<p><strong>El pr\u00f3ximo oriente<\/strong>, 2006.<\/p>\n\n\n\n<p><strong>Cosas que hacen que la vida valga la pena<\/strong>, 2004.<\/p>\n\n\n\n<p><strong>El forastero,<\/strong> 2002.<\/p>\n\n\n\n<h2 class=\"wp-block-heading\">RECONOCIMIENTOS<\/h2>\n\n\n\n<p>Carabela de Plata &#8211; Festival Internacional de Cine de Berl\u00edn (2009)\u200b<a href=\"https:\/\/www.cinencuentro.com\/2009\/02\/17\/el-actor-peruano-christian-esquivel-triunfo-en-la-berlinale-con-ander\/\">https:\/\/www.cinencuentro.com\/2009\/02\/17\/el-actor-peruano-christian-esquivel-triunfo-en-la-berlinale-con-ander\/<\/a><\/p>\n\n\n\n<p>Premio CICAE (Confederaci\u00f3n Internacional de Cines de Arte y Ensayo) por la pel\u00edcula&nbsp;<em><a href=\"https:\/\/es.wikipedia.org\/wiki\/Ander\">Ander<\/a><\/em>&nbsp;(2009)\u200b<a href=\"https:\/\/andina.pe\/agencia\/noticia-peruano-christian-esquivel-obtiene-galardon-festival-berlin-218852.aspx\">https:\/\/andina.pe\/agencia\/noticia-peruano-christian-esquivel-obtiene-galardon-festival-berlin-218852.aspx<\/a><\/p>\n\n\n\n<p>Nominado como mejor actor (Premios Luces del Diario&nbsp;<a href=\"https:\/\/es.wikipedia.org\/wiki\/El_Comercio_(Per%C3%BA)\">El Comercio Per\u00fa<\/a>) por&nbsp;<a href=\"https:\/\/es.wikipedia.org\/wiki\/Los_otros_libertadores\">Los otros Libertadores<\/a>. (2021).<a href=\"https:\/\/panamericana.pe\/entretenimiento\/190192-actor-peruano-cristian-esquivel-aparecera-importante-serie-television-espanola\">https:\/\/panamericana.pe\/entretenimiento\/190192-actor-peruano-cristian-esquivel-aparecera-importante-serie-television-espanola<\/a><\/p>\n","protected":false},"excerpt":{"rendered":"<p>imdb SERIES TELEVISI\u00d3N 30 Monedas, direcci\u00f3n: Alex de La Iglesia, personaje: Dr. Cabrera. Canarias, 2022. Supernormal, direcci\u00f3n: Vicente Villanueva, personaje: Cura Latino, Madrid, 2022. Bos\u00e9, direcci\u00f3n: Fernando Trullols, personaje: Militar colombiano, Madrid, 2022. Los otros libertadores, personaje T\u00fapac Amaru II, Produce: Latina Tv, 2021 \u00a0\u00a0\u00a0\u00a0\u00a0\u00a0\u00a0\u00a0\u00a0\u00a0\u00a0\u00a0\u00a0\u00a0\u00a0\u00a0\u00a0\u00a0\u00a0\u00a0\u00a0\u00a0\u00a0\u00a0\u00a0\u00a0\u00a0\u00a0\u00a0\u00a0\u00a0\u00a0\u00a0\u00a0\u00a0\u00a0\u00a0\u00a0\u00a0\u00a0\u00a0\u00a0\u00a0\u00a0\u00a0\u00a0\u00a0\u00a0\u00a0\u00a0\u00a0\u00a0\u00a0\u00a0\u00a0\u00a0\u00a0\u00a0\u00a0\u00a0\u00a0\u00a0\u00a0\u00a0\u00a0\u00a0\u00a0\u00a0\u00a0\u00a0\u00a0\u00a0\u00a0\u00a0\u00a0\u00a0\u00a0\u00a0\u00a0\u00a0\u00a0\u00a0\u00a0\u00a0\u00a0\u00a0\u00a0\u00a0\u00a0\u00a0\u00a0\u00a0\u00a0\u00a0\u00a0\u00a0\u00a0\u00a0\u00a0\u00a0\u00a0\u00a0\u00a0\u00a0\u00a0\u00a0\u00a0\u00a0\u00a0\u00a0\u00a0\u00a0\u00a0\u00a0\u00a0\u00a0\u00a0\u00a0\u00a0\u00a0\u00a0\u00a0\u00a0\u00a0\u00a0\u00a0\u00a0\u00a0\u00a0\u00a0\u00a0\u00a0\u00a0\u00a0\u00a0\u00a0\u00a0\u00a0\u00a0\u00a0\u00a0\u00a0\u00a0\u00a0\u00a0\u00a0\u00a0\u00a0\u00a0\u00a0\u00a0\u00a0\u00a0\u00a0\u00a0\u00a0\u00a0 EL COMERCIO: https:\/\/elcomercio.pe\/tvmas\/series\/tupac-amaru-cristian-esquivel-y-el-reto-de-ser-tupac-amaru-en-los-otros-libertadores-le-pedi-que-entre-a-mi-cuerpo-para-asemejarme-a-el-entrevista-serie-peruana-latina-reynaldo-arenas-netflix-noticia\/ LA REP\u00daBLICA: https:\/\/larepublica.pe\/espectaculos\/2021\/04\/15\/cristhian-esquivel-sobre-interpretar-a-tupac-amaru-fue-un-regalo-de-los-ancestros\/ PER\u00da 21: https:\/\/peru21.pe\/cultura\/cristhian-esquivel-tupac-amaru-fue-el-lider-que-busco-el-cambio-television-peruana-los-otros-libertadores-bicentenario-noticia\/ Carlos, Rey Emperador, 2015. Maras, 2011. 11-M, para que nadie lo olvide, 2011. Cuenta atr\u00e1s, 2008. Los misterios de Laura, 2009. Hospital Central, 2006-2007. Mujeres, 2006. CORTOMETRAJES Supay, 2018. All\u00e1 por la 212, 2013. Prom\u00e9tame que va a volver, 2008. CINE Sin Sangre\/without blood, direcci\u00f3n: Angelina Jolie , personaje: Bartender, estudios Cinecitt\u00e1. En Roma, Italia, 2022.<a href=\"https:\/\/www.ccactores.com\/?p=6227\">[&#8230;]<\/a><\/p>\n","protected":false},"author":1,"featured_media":0,"comment_status":"closed","ping_status":"closed","sticky":false,"template":"","format":"standard","meta":{"footnotes":""},"categories":[1],"tags":[],"class_list":["post-6227","post","type-post","status-publish","format-standard","hentry","category-uncategorized"],"_links":{"self":[{"href":"https:\/\/www.ccactores.com\/index.php?rest_route=\/wp\/v2\/posts\/6227","targetHints":{"allow":["GET"]}}],"collection":[{"href":"https:\/\/www.ccactores.com\/index.php?rest_route=\/wp\/v2\/posts"}],"about":[{"href":"https:\/\/www.ccactores.com\/index.php?rest_route=\/wp\/v2\/types\/post"}],"author":[{"embeddable":true,"href":"https:\/\/www.ccactores.com\/index.php?rest_route=\/wp\/v2\/users\/1"}],"replies":[{"embeddable":true,"href":"https:\/\/www.ccactores.com\/index.php?rest_route=%2Fwp%2Fv2%2Fcomments&post=6227"}],"version-history":[{"count":16,"href":"https:\/\/www.ccactores.com\/index.php?rest_route=\/wp\/v2\/posts\/6227\/revisions"}],"predecessor-version":[{"id":6249,"href":"https:\/\/www.ccactores.com\/index.php?rest_route=\/wp\/v2\/posts\/6227\/revisions\/6249"}],"wp:attachment":[{"href":"https:\/\/www.ccactores.com\/index.php?rest_route=%2Fwp%2Fv2%2Fmedia&parent=6227"}],"wp:term":[{"taxonomy":"category","embeddable":true,"href":"https:\/\/www.ccactores.com\/index.php?rest_route=%2Fwp%2Fv2%2Fcategories&post=6227"},{"taxonomy":"post_tag","embeddable":true,"href":"https:\/\/www.ccactores.com\/index.php?rest_route=%2Fwp%2Fv2%2Ftags&post=6227"}],"curies":[{"name":"wp","href":"https:\/\/api.w.org\/{rel}","templated":true}]}}