{"id":4519,"date":"2021-02-08T12:47:35","date_gmt":"2021-02-08T12:47:35","guid":{"rendered":"https:\/\/www.ccactores.com\/?p=4519"},"modified":"2026-03-23T10:53:29","modified_gmt":"2026-03-23T10:53:29","slug":"carla-pastor","status":"publish","type":"post","link":"https:\/\/www.ccactores.com\/?p=4519","title":{"rendered":"Carla Pastor"},"content":{"rendered":"\n<figure class=\"wp-block-gallery has-nested-images columns-default is-cropped wp-block-gallery-1 is-layout-flex wp-block-gallery-is-layout-flex\">\n<figure class=\"wp-block-image size-large is-style-default\"><img loading=\"lazy\" decoding=\"async\" width=\"769\" height=\"1024\" data-id=\"9770\" src=\"https:\/\/www.ccactores.com\/wp-content\/uploads\/2021\/02\/CARLA-PASTOR-34-769x1024.jpg\" alt=\"\" class=\"wp-image-9770\" srcset=\"https:\/\/www.ccactores.com\/wp-content\/uploads\/2021\/02\/CARLA-PASTOR-34-769x1024.jpg 769w, https:\/\/www.ccactores.com\/wp-content\/uploads\/2021\/02\/CARLA-PASTOR-34-225x300.jpg 225w, https:\/\/www.ccactores.com\/wp-content\/uploads\/2021\/02\/CARLA-PASTOR-34-768x1022.jpg 768w, https:\/\/www.ccactores.com\/wp-content\/uploads\/2021\/02\/CARLA-PASTOR-34-1154x1536.jpg 1154w, https:\/\/www.ccactores.com\/wp-content\/uploads\/2021\/02\/CARLA-PASTOR-34-1538x2048.jpg 1538w, https:\/\/www.ccactores.com\/wp-content\/uploads\/2021\/02\/CARLA-PASTOR-34-scaled.jpg 1923w\" sizes=\"auto, (max-width: 769px) 100vw, 769px\" \/><\/figure>\n\n\n\n<figure class=\"wp-block-image size-large is-style-default\"><img loading=\"lazy\" decoding=\"async\" width=\"769\" height=\"1024\" data-id=\"9771\" src=\"https:\/\/www.ccactores.com\/wp-content\/uploads\/2021\/02\/CARLA-PASTOR-35-769x1024.jpg\" alt=\"\" class=\"wp-image-9771\" srcset=\"https:\/\/www.ccactores.com\/wp-content\/uploads\/2021\/02\/CARLA-PASTOR-35-769x1024.jpg 769w, https:\/\/www.ccactores.com\/wp-content\/uploads\/2021\/02\/CARLA-PASTOR-35-225x300.jpg 225w, https:\/\/www.ccactores.com\/wp-content\/uploads\/2021\/02\/CARLA-PASTOR-35-768x1022.jpg 768w, https:\/\/www.ccactores.com\/wp-content\/uploads\/2021\/02\/CARLA-PASTOR-35-1154x1536.jpg 1154w, https:\/\/www.ccactores.com\/wp-content\/uploads\/2021\/02\/CARLA-PASTOR-35-1539x2048.jpg 1539w, https:\/\/www.ccactores.com\/wp-content\/uploads\/2021\/02\/CARLA-PASTOR-35-scaled.jpg 1924w\" sizes=\"auto, (max-width: 769px) 100vw, 769px\" \/><\/figure>\n<\/figure>\n\n\n\n<p><\/p>\n\n\n\n<figure class=\"wp-block-gallery has-nested-images columns-default is-cropped wp-block-gallery-2 is-layout-flex wp-block-gallery-is-layout-flex\">\n<figure class=\"wp-block-image size-large is-style-default\"><img loading=\"lazy\" decoding=\"async\" width=\"769\" height=\"1024\" data-id=\"9773\" src=\"https:\/\/www.ccactores.com\/wp-content\/uploads\/2021\/02\/CARLA-PASTOR-33-769x1024.jpg\" alt=\"\" class=\"wp-image-9773\" srcset=\"https:\/\/www.ccactores.com\/wp-content\/uploads\/2021\/02\/CARLA-PASTOR-33-769x1024.jpg 769w, https:\/\/www.ccactores.com\/wp-content\/uploads\/2021\/02\/CARLA-PASTOR-33-225x300.jpg 225w, https:\/\/www.ccactores.com\/wp-content\/uploads\/2021\/02\/CARLA-PASTOR-33-768x1022.jpg 768w, https:\/\/www.ccactores.com\/wp-content\/uploads\/2021\/02\/CARLA-PASTOR-33-1154x1536.jpg 1154w, https:\/\/www.ccactores.com\/wp-content\/uploads\/2021\/02\/CARLA-PASTOR-33-1539x2048.jpg 1539w, https:\/\/www.ccactores.com\/wp-content\/uploads\/2021\/02\/CARLA-PASTOR-33-scaled.jpg 1924w\" sizes=\"auto, (max-width: 769px) 100vw, 769px\" \/><\/figure>\n\n\n\n<figure class=\"wp-block-image size-large is-style-default\"><img loading=\"lazy\" decoding=\"async\" width=\"769\" height=\"1024\" data-id=\"9774\" src=\"https:\/\/www.ccactores.com\/wp-content\/uploads\/2021\/02\/JohnRibesfotografoMadrid20260228_Book_Basico_Belinda_Carla_Marco_Sofia_134431_print-769x1024.jpg\" alt=\"\" class=\"wp-image-9774\" srcset=\"https:\/\/www.ccactores.com\/wp-content\/uploads\/2021\/02\/JohnRibesfotografoMadrid20260228_Book_Basico_Belinda_Carla_Marco_Sofia_134431_print-769x1024.jpg 769w, https:\/\/www.ccactores.com\/wp-content\/uploads\/2021\/02\/JohnRibesfotografoMadrid20260228_Book_Basico_Belinda_Carla_Marco_Sofia_134431_print-225x300.jpg 225w, https:\/\/www.ccactores.com\/wp-content\/uploads\/2021\/02\/JohnRibesfotografoMadrid20260228_Book_Basico_Belinda_Carla_Marco_Sofia_134431_print-768x1022.jpg 768w, https:\/\/www.ccactores.com\/wp-content\/uploads\/2021\/02\/JohnRibesfotografoMadrid20260228_Book_Basico_Belinda_Carla_Marco_Sofia_134431_print-1154x1536.jpg 1154w, https:\/\/www.ccactores.com\/wp-content\/uploads\/2021\/02\/JohnRibesfotografoMadrid20260228_Book_Basico_Belinda_Carla_Marco_Sofia_134431_print-1539x2048.jpg 1539w, https:\/\/www.ccactores.com\/wp-content\/uploads\/2021\/02\/JohnRibesfotografoMadrid20260228_Book_Basico_Belinda_Carla_Marco_Sofia_134431_print-scaled.jpg 1924w\" sizes=\"auto, (max-width: 769px) 100vw, 769px\" \/><\/figure>\n<\/figure>\n\n\n\n<p><\/p>\n\n\n\n<figure class=\"wp-block-embed is-type-video is-provider-youtube wp-block-embed-youtube wp-embed-aspect-16-9 wp-has-aspect-ratio\"><div class=\"wp-block-embed__wrapper\">\n<iframe loading=\"lazy\" title=\"Videobook Carla Pastor 2026\" width=\"640\" height=\"360\" src=\"https:\/\/www.youtube.com\/embed\/iMWZCSikZAY?feature=oembed\" frameborder=\"0\" allow=\"accelerometer; autoplay; clipboard-write; encrypted-media; gyroscope; picture-in-picture; web-share\" referrerpolicy=\"strict-origin-when-cross-origin\" allowfullscreen><\/iframe>\n<\/div><\/figure>\n\n\n\n<p><a href=\"https:\/\/www.imdb.com\/es\/name\/nm12256056\/?ref_=nv_sr_srsg_0_tt_1_nm_7_in_0_q_CARLA%2520PASTOR%2520\">imdbCarlaPastor<\/a><\/p>\n\n\n\n<p><\/p>\n\n\n\n<p>Fecha de nacimiento: 6-10-2014<\/p>\n\n\n\n<p><strong>EXPERIENCIA PROFESIONAL<\/strong><\/p>\n\n\n\n<p>LA ABUELA TREMENDA, Personaje secundario: Alexia, prod. Atresmedia Cine, dir. Ana Vazquez, 2025.<\/p>\n\n\n\n<p>LA SOSPECHA DE SOF\u00cdA, Jos\u00e9 Frade Producciones, 2024<\/p>\n\n\n\n<p>Video clip Vanesa Martin y Manuel Carrasco DESPEDIDA Y CIERRE<\/p>\n\n\n\n<p>Protagonista Video corporativo CINETICPLUS<\/p>\n\n\n\n<p>Protagonista cortometraje A CONTAR PAJAROS<\/p>\n\n\n\n<p>Protagonista cortometraje LA CAJA DE TEMPERAS<\/p>\n\n\n\n<p>Protagonista cortometraje CANCION DE CUNA<\/p>\n\n\n\n<p>Secundaria cortometraje PUNTO A PUNTO<\/p>\n\n\n\n<p>Peque\u00f1a parte serie VALERIA 3 temporada<\/p>\n\n\n\n<p>Peque\u00f1a parte de serie Beguinas<\/p>\n\n\n\n<p>Anuncios de tv: Carrefour, Orange, Burguer King, Subaru, Toysaru\u00b4s, Total<br>Energy, Mayoral, Fundaci\u00f3n Educo,<\/p>\n\n\n\n<p><strong>HABILIDADES<\/strong><\/p>\n\n\n\n<p>Teatro, ballet, gimnasia r\u00edtmica, nataci\u00f3n, patinaje en l\u00ednea, judo<\/p>\n\n\n\n<p><\/p>\n","protected":false},"excerpt":{"rendered":"<p>imdbCarlaPastor Fecha de nacimiento: 6-10-2014 EXPERIENCIA PROFESIONAL LA ABUELA TREMENDA, Personaje secundario: Alexia, prod. Atresmedia Cine, dir. Ana Vazquez, 2025. LA SOSPECHA DE SOF\u00cdA, Jos\u00e9 Frade Producciones, 2024 Video clip Vanesa Martin y Manuel Carrasco DESPEDIDA Y CIERRE Protagonista Video corporativo CINETICPLUS Protagonista cortometraje A CONTAR PAJAROS Protagonista cortometraje LA CAJA DE TEMPERAS Protagonista cortometraje CANCION DE CUNA Secundaria cortometraje PUNTO A PUNTO Peque\u00f1a parte serie VALERIA 3 temporada Peque\u00f1a parte de serie Beguinas Anuncios de tv: Carrefour, Orange, Burguer King, Subaru, Toysaru\u00b4s, TotalEnergy, Mayoral, Fundaci\u00f3n Educo, HABILIDADES Teatro, ballet, gimnasia r\u00edtmica, nataci\u00f3n, patinaje en l\u00ednea, judo<\/p>\n","protected":false},"author":1,"featured_media":0,"comment_status":"closed","ping_status":"closed","sticky":false,"template":"","format":"standard","meta":{"footnotes":""},"categories":[1],"tags":[],"class_list":["post-4519","post","type-post","status-publish","format-standard","hentry","category-uncategorized"],"_links":{"self":[{"href":"https:\/\/www.ccactores.com\/index.php?rest_route=\/wp\/v2\/posts\/4519","targetHints":{"allow":["GET"]}}],"collection":[{"href":"https:\/\/www.ccactores.com\/index.php?rest_route=\/wp\/v2\/posts"}],"about":[{"href":"https:\/\/www.ccactores.com\/index.php?rest_route=\/wp\/v2\/types\/post"}],"author":[{"embeddable":true,"href":"https:\/\/www.ccactores.com\/index.php?rest_route=\/wp\/v2\/users\/1"}],"replies":[{"embeddable":true,"href":"https:\/\/www.ccactores.com\/index.php?rest_route=%2Fwp%2Fv2%2Fcomments&post=4519"}],"version-history":[{"count":22,"href":"https:\/\/www.ccactores.com\/index.php?rest_route=\/wp\/v2\/posts\/4519\/revisions"}],"predecessor-version":[{"id":9775,"href":"https:\/\/www.ccactores.com\/index.php?rest_route=\/wp\/v2\/posts\/4519\/revisions\/9775"}],"wp:attachment":[{"href":"https:\/\/www.ccactores.com\/index.php?rest_route=%2Fwp%2Fv2%2Fmedia&parent=4519"}],"wp:term":[{"taxonomy":"category","embeddable":true,"href":"https:\/\/www.ccactores.com\/index.php?rest_route=%2Fwp%2Fv2%2Fcategories&post=4519"},{"taxonomy":"post_tag","embeddable":true,"href":"https:\/\/www.ccactores.com\/index.php?rest_route=%2Fwp%2Fv2%2Ftags&post=4519"}],"curies":[{"name":"wp","href":"https:\/\/api.w.org\/{rel}","templated":true}]}}