{"id":3958,"date":"2020-09-02T11:24:26","date_gmt":"2020-09-02T11:24:26","guid":{"rendered":"http:\/\/www.ccactores.com\/?p=3958"},"modified":"2025-05-23T11:35:51","modified_gmt":"2025-05-23T11:35:51","slug":"carla-chiorazzo","status":"publish","type":"post","link":"https:\/\/www.ccactores.com\/?p=3958","title":{"rendered":"Carla Chiorazzo"},"content":{"rendered":"\n<p>&nbsp;<\/p>\n\n\n\n<figure class=\"wp-block-gallery has-nested-images columns-default is-cropped wp-block-gallery-1 is-layout-flex wp-block-gallery-is-layout-flex\">\n<figure class=\"wp-block-image size-large is-style-default\"><img loading=\"lazy\" decoding=\"async\" width=\"720\" height=\"1024\" data-id=\"9092\" src=\"https:\/\/www.ccactores.com\/wp-content\/uploads\/2025\/05\/CARLA-CHIORAZO-21-720x1024.jpg\" alt=\"\" class=\"wp-image-9092\" srcset=\"https:\/\/www.ccactores.com\/wp-content\/uploads\/2025\/05\/CARLA-CHIORAZO-21-720x1024.jpg 720w, https:\/\/www.ccactores.com\/wp-content\/uploads\/2025\/05\/CARLA-CHIORAZO-21-211x300.jpg 211w, https:\/\/www.ccactores.com\/wp-content\/uploads\/2025\/05\/CARLA-CHIORAZO-21-768x1093.jpg 768w, https:\/\/www.ccactores.com\/wp-content\/uploads\/2025\/05\/CARLA-CHIORAZO-21-1080x1536.jpg 1080w, https:\/\/www.ccactores.com\/wp-content\/uploads\/2025\/05\/CARLA-CHIORAZO-21-1440x2048.jpg 1440w, https:\/\/www.ccactores.com\/wp-content\/uploads\/2025\/05\/CARLA-CHIORAZO-21-scaled.jpg 1800w\" sizes=\"auto, (max-width: 720px) 100vw, 720px\" \/><\/figure>\n\n\n\n<figure class=\"wp-block-image size-large is-style-default\"><img loading=\"lazy\" decoding=\"async\" width=\"683\" height=\"1024\" data-id=\"9095\" src=\"https:\/\/www.ccactores.com\/wp-content\/uploads\/2025\/05\/CARLA-CHIORAZO-24-683x1024.jpg\" alt=\"\" class=\"wp-image-9095\" srcset=\"https:\/\/www.ccactores.com\/wp-content\/uploads\/2025\/05\/CARLA-CHIORAZO-24-683x1024.jpg 683w, https:\/\/www.ccactores.com\/wp-content\/uploads\/2025\/05\/CARLA-CHIORAZO-24-200x300.jpg 200w, https:\/\/www.ccactores.com\/wp-content\/uploads\/2025\/05\/CARLA-CHIORAZO-24-768x1152.jpg 768w, https:\/\/www.ccactores.com\/wp-content\/uploads\/2025\/05\/CARLA-CHIORAZO-24-1024x1536.jpg 1024w, https:\/\/www.ccactores.com\/wp-content\/uploads\/2025\/05\/CARLA-CHIORAZO-24-1365x2048.jpg 1365w, https:\/\/www.ccactores.com\/wp-content\/uploads\/2025\/05\/CARLA-CHIORAZO-24-scaled.jpg 1707w\" sizes=\"auto, (max-width: 683px) 100vw, 683px\" \/><\/figure>\n\n\n\n<figure class=\"wp-block-image size-large is-style-default\"><img loading=\"lazy\" decoding=\"async\" width=\"743\" height=\"1024\" data-id=\"9094\" src=\"https:\/\/www.ccactores.com\/wp-content\/uploads\/2025\/05\/CARLA-CHIORAZO-23-743x1024.jpg\" alt=\"\" class=\"wp-image-9094\" srcset=\"https:\/\/www.ccactores.com\/wp-content\/uploads\/2025\/05\/CARLA-CHIORAZO-23-743x1024.jpg 743w, https:\/\/www.ccactores.com\/wp-content\/uploads\/2025\/05\/CARLA-CHIORAZO-23-218x300.jpg 218w, https:\/\/www.ccactores.com\/wp-content\/uploads\/2025\/05\/CARLA-CHIORAZO-23-768x1058.jpg 768w, https:\/\/www.ccactores.com\/wp-content\/uploads\/2025\/05\/CARLA-CHIORAZO-23-1115x1536.jpg 1115w, https:\/\/www.ccactores.com\/wp-content\/uploads\/2025\/05\/CARLA-CHIORAZO-23-1487x2048.jpg 1487w, https:\/\/www.ccactores.com\/wp-content\/uploads\/2025\/05\/CARLA-CHIORAZO-23-scaled.jpg 1859w\" sizes=\"auto, (max-width: 743px) 100vw, 743px\" \/><\/figure>\n<\/figure>\n\n\n\n<figure class=\"wp-block-gallery has-nested-images columns-default is-cropped wp-block-gallery-2 is-layout-flex wp-block-gallery-is-layout-flex\"><\/figure>\n\n\n\n<p><\/p>\n\n\n\n<p><\/p>\n\n\n\n<figure class=\"wp-block-embed is-type-video is-provider-youtube wp-block-embed-youtube wp-embed-aspect-16-9 wp-has-aspect-ratio\"><div class=\"wp-block-embed__wrapper\">\n<iframe loading=\"lazy\" title=\"Carla Chiorazzo  Videobook 2023\" width=\"640\" height=\"360\" src=\"https:\/\/www.youtube.com\/embed\/la5mMAMDun0?feature=oembed\" frameborder=\"0\" allow=\"accelerometer; autoplay; clipboard-write; encrypted-media; gyroscope; picture-in-picture; web-share\" referrerpolicy=\"strict-origin-when-cross-origin\" allowfullscreen><\/iframe>\n<\/div><\/figure>\n\n\n<p><a href=\"https:\/\/www.imdb.com\/name\/nm9862714\/\">IMDB<\/a><\/p>\n<p><strong>FECHA DE NACIMIENTO: 17-4-2010<\/strong><\/p>\n<p><strong>FORMACI\u00d3N<\/strong><\/p>\n<p>Primera Toma, nivel avanzado, 2018-actualidad<\/p>\n<p>Baile flamenco 2016<\/p>\n<p>Gimnasia r\u00edtmica 2016- actualmente<\/p>\n<p>Karate 1 curso 2017<\/p>\n<p><strong>CINE<\/strong><\/p>\n<p><strong>Con la tierra en los pies<\/strong>, Prod. Rafael Latre, 2023.<\/p>\n<p><strong>El hotel de los l\u00edos<\/strong>, Blogmedia producciones, 2022-2023, en producci\u00f3n.<\/p>\n<p><strong>Agente Makey<\/strong>, reparto, director Alfonso S\u00e1nchez, 2020.<\/p>\n<p><strong>Bajo cero<\/strong>, reparto, director Lluis Quilez, 2019.<\/p>\n<p><strong>Los Lunnis y el gran libro m\u00e1gico<\/strong>, protagonista, 2018.<\/p>\n<p><strong>Especial Lunnis Navidad<\/strong>, 2018.<\/p>\n<p><strong>TELEVISI\u00d3N<\/strong><\/p>\n<p><strong>\u00a0Serie Asedio,\u00a0<\/strong>dirigida por Miguel \u00c1ngel Vivas, 2021.<\/p>\n<p><strong>Con la tierra en los pies, <\/strong>documental dirigido por Fernando Vera, 2021.<\/p>\n<p><strong>CORTOMETRAJE<\/strong><\/p>\n<p><strong>Nunca es demasiado tarde<\/strong>, reparto, 2020.<\/p>\n<p><strong>No digas nada<\/strong>, protagonista, 2019.<\/p>\n<p><strong>Hijas m\u00edas<\/strong>, protagonista, 2019.<\/p>\n<p><strong>Caleidoscopio<\/strong>, protagonista, 2018.<\/p>","protected":false},"excerpt":{"rendered":"<p>&nbsp; IMDB FECHA DE NACIMIENTO: 17-4-2010 FORMACI\u00d3N Primera Toma, nivel avanzado, 2018-actualidad Baile flamenco 2016 Gimnasia r\u00edtmica 2016- actualmente Karate 1 curso 2017 CINE Con la tierra en los pies, Prod. Rafael Latre, 2023. El hotel de los l\u00edos, Blogmedia producciones, 2022-2023, en producci\u00f3n. Agente Makey, reparto, director Alfonso S\u00e1nchez, 2020. Bajo cero, reparto, director Lluis Quilez, 2019. Los Lunnis y el gran libro m\u00e1gico, protagonista, 2018. Especial Lunnis Navidad, 2018. TELEVISI\u00d3N \u00a0Serie Asedio,\u00a0dirigida por Miguel \u00c1ngel Vivas, 2021. Con la tierra en los pies, documental dirigido por Fernando Vera, 2021. CORTOMETRAJE Nunca es demasiado tarde, reparto, 2020. No digas nada, protagonista, 2019. Hijas m\u00edas, protagonista, 2019. Caleidoscopio, protagonista, 2018.<\/p>\n","protected":false},"author":1,"featured_media":0,"comment_status":"closed","ping_status":"closed","sticky":false,"template":"","format":"standard","meta":{"footnotes":""},"categories":[1],"tags":[],"class_list":["post-3958","post","type-post","status-publish","format-standard","hentry","category-uncategorized"],"_links":{"self":[{"href":"https:\/\/www.ccactores.com\/index.php?rest_route=\/wp\/v2\/posts\/3958","targetHints":{"allow":["GET"]}}],"collection":[{"href":"https:\/\/www.ccactores.com\/index.php?rest_route=\/wp\/v2\/posts"}],"about":[{"href":"https:\/\/www.ccactores.com\/index.php?rest_route=\/wp\/v2\/types\/post"}],"author":[{"embeddable":true,"href":"https:\/\/www.ccactores.com\/index.php?rest_route=\/wp\/v2\/users\/1"}],"replies":[{"embeddable":true,"href":"https:\/\/www.ccactores.com\/index.php?rest_route=%2Fwp%2Fv2%2Fcomments&post=3958"}],"version-history":[{"count":19,"href":"https:\/\/www.ccactores.com\/index.php?rest_route=\/wp\/v2\/posts\/3958\/revisions"}],"predecessor-version":[{"id":9102,"href":"https:\/\/www.ccactores.com\/index.php?rest_route=\/wp\/v2\/posts\/3958\/revisions\/9102"}],"wp:attachment":[{"href":"https:\/\/www.ccactores.com\/index.php?rest_route=%2Fwp%2Fv2%2Fmedia&parent=3958"}],"wp:term":[{"taxonomy":"category","embeddable":true,"href":"https:\/\/www.ccactores.com\/index.php?rest_route=%2Fwp%2Fv2%2Fcategories&post=3958"},{"taxonomy":"post_tag","embeddable":true,"href":"https:\/\/www.ccactores.com\/index.php?rest_route=%2Fwp%2Fv2%2Ftags&post=3958"}],"curies":[{"name":"wp","href":"https:\/\/api.w.org\/{rel}","templated":true}]}}