{"id":3398,"date":"2019-11-28T11:47:48","date_gmt":"2019-11-28T11:47:48","guid":{"rendered":"http:\/\/www.ccactores.com\/?p=3398"},"modified":"2024-01-29T13:03:31","modified_gmt":"2024-01-29T13:03:31","slug":"gloria-villalba","status":"publish","type":"post","link":"https:\/\/www.ccactores.com\/?p=3398","title":{"rendered":"Gloria Villalba"},"content":{"rendered":"\n<figure class=\"wp-block-gallery has-nested-images columns-default is-cropped wp-block-gallery-1 is-layout-flex wp-block-gallery-is-layout-flex\">\n<figure class=\"wp-block-image size-large is-style-default\"><img loading=\"lazy\" decoding=\"async\" width=\"1024\" height=\"683\" data-id=\"3400\" src=\"https:\/\/www.ccactores.com\/wp-content\/uploads\/2019\/11\/GLORIA-VILLALBA-7-1024x683.jpg\" alt=\"\" class=\"wp-image-3400\" srcset=\"https:\/\/www.ccactores.com\/wp-content\/uploads\/2019\/11\/GLORIA-VILLALBA-7-1024x683.jpg 1024w, https:\/\/www.ccactores.com\/wp-content\/uploads\/2019\/11\/GLORIA-VILLALBA-7-300x200.jpg 300w, https:\/\/www.ccactores.com\/wp-content\/uploads\/2019\/11\/GLORIA-VILLALBA-7-768x512.jpg 768w, https:\/\/www.ccactores.com\/wp-content\/uploads\/2019\/11\/GLORIA-VILLALBA-7-750x500.jpg 750w\" sizes=\"auto, (max-width: 1024px) 100vw, 1024px\" \/><\/figure>\n\n\n\n<figure class=\"wp-block-image size-large is-style-default\"><img loading=\"lazy\" decoding=\"async\" width=\"1024\" height=\"683\" data-id=\"3399\" src=\"https:\/\/www.ccactores.com\/wp-content\/uploads\/2019\/11\/GLORIA-VILLALBA-8-1024x683.jpg\" alt=\"\" class=\"wp-image-3399\" srcset=\"https:\/\/www.ccactores.com\/wp-content\/uploads\/2019\/11\/GLORIA-VILLALBA-8-1024x683.jpg 1024w, https:\/\/www.ccactores.com\/wp-content\/uploads\/2019\/11\/GLORIA-VILLALBA-8-300x200.jpg 300w, https:\/\/www.ccactores.com\/wp-content\/uploads\/2019\/11\/GLORIA-VILLALBA-8-768x512.jpg 768w, https:\/\/www.ccactores.com\/wp-content\/uploads\/2019\/11\/GLORIA-VILLALBA-8-750x500.jpg 750w\" sizes=\"auto, (max-width: 1024px) 100vw, 1024px\" \/><\/figure>\n<\/figure>\n\n\n\n<figure class=\"wp-block-gallery has-nested-images columns-default is-cropped wp-block-gallery-2 is-layout-flex wp-block-gallery-is-layout-flex\">\n<figure class=\"wp-block-image size-large is-style-default\"><img loading=\"lazy\" decoding=\"async\" width=\"1024\" height=\"683\" data-id=\"3403\" src=\"https:\/\/www.ccactores.com\/wp-content\/uploads\/2019\/11\/GLORIA-VILLALBA-3-1024x683.jpg\" alt=\"\" class=\"wp-image-3403\" srcset=\"https:\/\/www.ccactores.com\/wp-content\/uploads\/2019\/11\/GLORIA-VILLALBA-3-1024x683.jpg 1024w, https:\/\/www.ccactores.com\/wp-content\/uploads\/2019\/11\/GLORIA-VILLALBA-3-300x200.jpg 300w, https:\/\/www.ccactores.com\/wp-content\/uploads\/2019\/11\/GLORIA-VILLALBA-3-768x512.jpg 768w, https:\/\/www.ccactores.com\/wp-content\/uploads\/2019\/11\/GLORIA-VILLALBA-3-750x500.jpg 750w, https:\/\/www.ccactores.com\/wp-content\/uploads\/2019\/11\/GLORIA-VILLALBA-3.jpg 1536w\" sizes=\"auto, (max-width: 1024px) 100vw, 1024px\" \/><\/figure>\n\n\n\n<figure class=\"wp-block-image size-large is-style-default\"><img loading=\"lazy\" decoding=\"async\" width=\"1024\" height=\"683\" data-id=\"3402\" src=\"https:\/\/www.ccactores.com\/wp-content\/uploads\/2019\/11\/GLORIA-VILLALBA-4-1024x683.jpg\" alt=\"\" class=\"wp-image-3402\" srcset=\"https:\/\/www.ccactores.com\/wp-content\/uploads\/2019\/11\/GLORIA-VILLALBA-4-1024x683.jpg 1024w, https:\/\/www.ccactores.com\/wp-content\/uploads\/2019\/11\/GLORIA-VILLALBA-4-300x200.jpg 300w, https:\/\/www.ccactores.com\/wp-content\/uploads\/2019\/11\/GLORIA-VILLALBA-4-768x512.jpg 768w, https:\/\/www.ccactores.com\/wp-content\/uploads\/2019\/11\/GLORIA-VILLALBA-4-750x500.jpg 750w, https:\/\/www.ccactores.com\/wp-content\/uploads\/2019\/11\/GLORIA-VILLALBA-4.jpg 1536w\" sizes=\"auto, (max-width: 1024px) 100vw, 1024px\" \/><\/figure>\n<\/figure>\n\n\n\n<figure class=\"wp-block-embed is-type-video is-provider-youtube wp-block-embed-youtube wp-embed-aspect-16-9 wp-has-aspect-ratio\"><div class=\"wp-block-embed__wrapper\">\n<iframe loading=\"lazy\" title=\"Gloria Villalba  Videobook 2023\" width=\"640\" height=\"360\" src=\"https:\/\/www.youtube.com\/embed\/96wz92nOcQM?feature=oembed\" frameborder=\"0\" allow=\"accelerometer; autoplay; clipboard-write; encrypted-media; gyroscope; picture-in-picture; web-share\" referrerpolicy=\"strict-origin-when-cross-origin\" allowfullscreen><\/iframe>\n<\/div><\/figure>\n\n\n<p><a href=\"https:\/\/www.imdb.com\/name\/nm5104504\/?ref_=nv_sr_srsg_0\">Gloria Villalba &#8211; IMDb<\/a><\/p>\n<p><strong>FORMACI\u00d3N<\/strong><\/p>\n<p>Licenciada en Interpretaci\u00f3n por la <strong>RESAD<\/strong> de Madrid.<\/p>\n<p>Master en interpretaci\u00f3n ante la c\u00e1mara en Actores Madrid para cine y televisi\u00f3n impartido por directores de cine, televisi\u00f3n y directores de casting.<\/p>\n<p><strong>TEATRO<\/strong><\/p>\n<p><strong>Odios Sordos, <\/strong>de Melania Sebasti\u00e1n y direcci\u00f3n de Ferm\u00edn Cabal. <strong>Protagonista. <\/strong>Teatros Luchana de Madrid, noviembre 2018 \u2013 actualidad.<\/p>\n<p><strong>El Conde de Montecristo, <\/strong>de Alejandro Dumas, dramaturgia y direcci\u00f3n de Paloma Mej\u00eda Mart\u00ed. Producci\u00f3n de Samarkanda, <strong>Secundaria<\/strong>. Septiembre 2018 &#8211; actualidad.<\/p>\n<p><strong>Don Juan Tenorio, <\/strong>de Amarillo producciones, personaje <strong>Secundaria<\/strong>, 2017. Premio mejor espect\u00e1culo del Festival de la Garnacha en Haro (La Rioja).<\/p>\n<p><strong>H\u00e9roes cotidianos <\/strong>de Nancho Novo, gira por Castilla \u2013 La Mancha. <strong>Protagonista,<\/strong> a\u00f1o 2015 \u2013 2016.<\/p>\n<p><strong>Lecturas dramatizadas <\/strong>del Don Juan Tenorio, personaje de Br\u00edgida y poemas de Santa Teresa de Jes\u00fas. Sala peque\u00f1a del Teatro Espa\u00f1ol y C\u00edrculo de Bellas artes. Abril 2013<strong>.<\/strong><\/p>\n<p><strong>Pase lo que pase. <\/strong>De Nancho Novo, direcci\u00f3n Sergio Mac\u00edas. Producci\u00f3n de Fundaci\u00f3n Goliardos, Microteatro por dinero del 4 de octubre al 4 de noviembre\u00a0 2012<strong>. Protagonista.<\/strong><\/p>\n<p><strong>Mosc\u00fa cercan\u00edas<\/strong>. De Venedikt Erof\u00e9iev, Dramaturgia y direcci\u00f3n de \u00c1ngel Facio. Producci\u00f3n del Teatro Espa\u00f1ol de Madrid. A\u00f1o 2012. <strong>Ayudante de direcci\u00f3n<\/strong>.<\/p>\n<p><strong>El Balc\u00f3n<\/strong>. De Jean Genet, direcci\u00f3n \u00c1ngel Facio<strong>. <\/strong>Producci\u00f3n del Teatro Espa\u00f1ol, A\u00f1o 2010\u00a0 del 6 de abril al 9 de mayo en Las Naves del Espa\u00f1ol (el Matadero), <strong>Ayudante de direcci\u00f3n.\u00a0\u00a0 \u00a0<\/strong><\/p>\n<p><strong>Irredentas, <\/strong>de Victoria Herrera, producci\u00f3n \u201cEl simio mudo\u201d, direcci\u00f3n Maximiliano Prioriello. Estreno en el teatro Garc\u00eda Lorca de Getafe y gira por Espa\u00f1a. A\u00f1o 2010. <strong>Protagonista<\/strong><\/p>\n<p><strong>\u00a0<\/strong><strong>Los cuernos de Don Friolera<\/strong> de Ram\u00f3n Mar\u00eda del Valle \u2013 Incl\u00e1n, direcci\u00f3n \u00c1ngel Facio, producci\u00f3n del Teatro Espa\u00f1ol de Madrid, del 26 de junio al 27 de julio de 2.008, gira por Espa\u00f1a del 1 de enero al 15 de junio\u00a0\u00a0 2009. <strong>Secundaria.<\/strong><\/p>\n<p><strong>Desventuras Conyugales de Bartolom\u00e9 Morales<\/strong>, versi\u00f3n y direcci\u00f3n \u00c1ngel Facio, sobre di\u00e1logos del Ruzante. Producci\u00f3n del Teatro Espa\u00f1ol,\u00a0 representaciones en el Teatro Espa\u00f1ol, a\u00f1o 2007 y gira en la comunidad de Madrid y en diferentes ciudades espa\u00f1olas<strong>. Protagonista<\/strong><\/p>\n<p><strong>Creaci\u00f3n de la compa\u00f1\u00eda Gloriana Teatro<\/strong>, con la obra <strong>\u201cBlues\u201d<\/strong> mon\u00f3logos basados en textos de Qim Monz\u00f3 y <strong>\u201cAn\u00e1lisis perfecto hecho por un loro\u201d<\/strong> de Tennessee Williams, diferentes Caf\u00e9teatros. A\u00f1o 2006. <strong>Protagonista.<\/strong><\/p>\n<p><strong>Cuatro Mihuras cuatro<\/strong>, homenaje a Miguel Mihura en su centenario, direcci\u00f3n Sergio Macias, Teatro Espa\u00f1ol de Madrid, noviembre <strong>2005<\/strong>. <strong>Reparto.<\/strong><\/p>\n<p><strong>Romance de Lobos<\/strong> de Ram\u00f3n Mar\u00eda del Valle Incl\u00e1n interpretando a \u201cDominga de G\u00f3mez\u201d, direcci\u00f3n \u00c1ngel Facio, Teatro Espa\u00f1ol de Madrid, temporada 2005. <strong>Reparto<\/strong><\/p>\n<p><strong>CINE<\/strong><\/p>\n<p><strong>Tea &amp; Sangr\u00eda, <\/strong>direcci\u00f3n Peter Domankiewicz, 2010, reparto (largo)<\/p>\n<p><strong>Personas, <\/strong>direcci\u00f3n Daniel Hern\u00e1ndez Terrado. 2010, secundaria (corto)<\/p>\n<p><strong>Fiesta en casa de Blanche, <\/strong>direcci\u00f3n Paula Hern\u00e1ndez Fern\u00e1ndez. 2010, protagonista (corto)<\/p>\n<p><strong>Agapito<\/strong>, direcci\u00f3n Miguel Pe\u00f1a. 2010, protagonista (corto)<\/p>\n<p><strong>Tempus Fujit<\/strong>, direcci\u00f3n Patricia Garc\u00eda. 2009, secundaria (corto)<\/p>\n<p><strong>Rosa Negra, <\/strong>direcci\u00f3n I\u00f1igo P\u00e9rez Morev\u00e9-Pierre, 2009, protagonista (corto)<\/p>\n<p><strong>Almod\u00f3var Vs. Bergman, <\/strong>direcci\u00f3n Carolina Contreras, 2009, protagonista (corto)<\/p>\n<p><strong>Happy end<\/strong>, direcci\u00f3n Guillermo Suso, 1980, protagonista (Largo).<\/p>\n<p><strong>TELEVISI\u00d3N<\/strong><\/p>\n<p><strong>\u00abMuertos, S.L.\u00bb, Contubernio, 2023.<\/strong><\/p>\n<p><strong>\u00abVidas\u00bb, webserie, Boomerang,\u00a0<\/strong>2021.<\/p>\n<p><strong>\u201cCentro M\u00e9dico\u201d, TVE, <\/strong>abril 2017<strong>.<\/strong><\/p>\n<p><strong>\u201cLa que se avecina\u201d, Tele5,\u00a0<\/strong> 2013<strong>.<\/strong><\/p>","protected":false},"excerpt":{"rendered":"<p>Gloria Villalba &#8211; IMDb FORMACI\u00d3N Licenciada en Interpretaci\u00f3n por la RESAD de Madrid. Master en interpretaci\u00f3n ante la c\u00e1mara en Actores Madrid para cine y televisi\u00f3n impartido por directores de cine, televisi\u00f3n y directores de casting. TEATRO Odios Sordos, de Melania Sebasti\u00e1n y direcci\u00f3n de Ferm\u00edn Cabal. Protagonista. Teatros Luchana de Madrid, noviembre 2018 \u2013 actualidad. El Conde de Montecristo, de Alejandro Dumas, dramaturgia y direcci\u00f3n de Paloma Mej\u00eda Mart\u00ed. Producci\u00f3n de Samarkanda, Secundaria. Septiembre 2018 &#8211; actualidad. Don Juan Tenorio, de Amarillo producciones, personaje Secundaria, 2017. Premio mejor espect\u00e1culo del Festival de la Garnacha en Haro (La Rioja). H\u00e9roes cotidianos de Nancho Novo, gira por Castilla \u2013 La Mancha.<a href=\"https:\/\/www.ccactores.com\/?p=3398\">[&#8230;]<\/a><\/p>\n","protected":false},"author":1,"featured_media":0,"comment_status":"closed","ping_status":"closed","sticky":false,"template":"","format":"standard","meta":{"footnotes":""},"categories":[1],"tags":[],"class_list":["post-3398","post","type-post","status-publish","format-standard","hentry","category-uncategorized"],"_links":{"self":[{"href":"https:\/\/www.ccactores.com\/index.php?rest_route=\/wp\/v2\/posts\/3398","targetHints":{"allow":["GET"]}}],"collection":[{"href":"https:\/\/www.ccactores.com\/index.php?rest_route=\/wp\/v2\/posts"}],"about":[{"href":"https:\/\/www.ccactores.com\/index.php?rest_route=\/wp\/v2\/types\/post"}],"author":[{"embeddable":true,"href":"https:\/\/www.ccactores.com\/index.php?rest_route=\/wp\/v2\/users\/1"}],"replies":[{"embeddable":true,"href":"https:\/\/www.ccactores.com\/index.php?rest_route=%2Fwp%2Fv2%2Fcomments&post=3398"}],"version-history":[{"count":8,"href":"https:\/\/www.ccactores.com\/index.php?rest_route=\/wp\/v2\/posts\/3398\/revisions"}],"predecessor-version":[{"id":7958,"href":"https:\/\/www.ccactores.com\/index.php?rest_route=\/wp\/v2\/posts\/3398\/revisions\/7958"}],"wp:attachment":[{"href":"https:\/\/www.ccactores.com\/index.php?rest_route=%2Fwp%2Fv2%2Fmedia&parent=3398"}],"wp:term":[{"taxonomy":"category","embeddable":true,"href":"https:\/\/www.ccactores.com\/index.php?rest_route=%2Fwp%2Fv2%2Fcategories&post=3398"},{"taxonomy":"post_tag","embeddable":true,"href":"https:\/\/www.ccactores.com\/index.php?rest_route=%2Fwp%2Fv2%2Ftags&post=3398"}],"curies":[{"name":"wp","href":"https:\/\/api.w.org\/{rel}","templated":true}]}}