{"id":1406,"date":"2017-03-30T11:38:42","date_gmt":"2017-03-30T11:38:42","guid":{"rendered":"http:\/\/www.ccactores.com\/?p=1406"},"modified":"2026-04-30T08:16:36","modified_gmt":"2026-04-30T08:16:36","slug":"alba-del-valle","status":"publish","type":"post","link":"https:\/\/www.ccactores.com\/?p=1406","title":{"rendered":"Alba Bersab\u00e9"},"content":{"rendered":"\n<p><\/p>\n\n\n\n<figure class=\"wp-block-gallery has-nested-images columns-default is-cropped wp-block-gallery-1 is-layout-flex wp-block-gallery-is-layout-flex\">\n<figure class=\"wp-block-image size-full is-style-default\"><img loading=\"lazy\" decoding=\"async\" width=\"1561\" height=\"2341\" data-id=\"9503\" src=\"https:\/\/www.ccactores.com\/wp-content\/uploads\/2017\/03\/AlbaBersabe-221.jpg\" alt=\"\" class=\"wp-image-9503\" srcset=\"https:\/\/www.ccactores.com\/wp-content\/uploads\/2017\/03\/AlbaBersabe-221.jpg 1561w, https:\/\/www.ccactores.com\/wp-content\/uploads\/2017\/03\/AlbaBersabe-221-200x300.jpg 200w, https:\/\/www.ccactores.com\/wp-content\/uploads\/2017\/03\/AlbaBersabe-221-683x1024.jpg 683w, https:\/\/www.ccactores.com\/wp-content\/uploads\/2017\/03\/AlbaBersabe-221-768x1152.jpg 768w, https:\/\/www.ccactores.com\/wp-content\/uploads\/2017\/03\/AlbaBersabe-221-1024x1536.jpg 1024w, https:\/\/www.ccactores.com\/wp-content\/uploads\/2017\/03\/AlbaBersabe-221-1366x2048.jpg 1366w\" sizes=\"auto, (max-width: 1561px) 100vw, 1561px\" \/><\/figure>\n\n\n\n<figure class=\"wp-block-image size-large is-style-default\"><img loading=\"lazy\" decoding=\"async\" width=\"682\" height=\"1024\" data-id=\"9504\" src=\"https:\/\/www.ccactores.com\/wp-content\/uploads\/2017\/03\/ALBA-BERSABE-16-ANOS-682x1024.jpg\" alt=\"\" class=\"wp-image-9504\" srcset=\"https:\/\/www.ccactores.com\/wp-content\/uploads\/2017\/03\/ALBA-BERSABE-16-ANOS-682x1024.jpg 682w, https:\/\/www.ccactores.com\/wp-content\/uploads\/2017\/03\/ALBA-BERSABE-16-ANOS-200x300.jpg 200w, https:\/\/www.ccactores.com\/wp-content\/uploads\/2017\/03\/ALBA-BERSABE-16-ANOS-768x1153.jpg 768w, https:\/\/www.ccactores.com\/wp-content\/uploads\/2017\/03\/ALBA-BERSABE-16-ANOS-1023x1536.jpg 1023w, https:\/\/www.ccactores.com\/wp-content\/uploads\/2017\/03\/ALBA-BERSABE-16-ANOS.jpg 1066w\" sizes=\"auto, (max-width: 682px) 100vw, 682px\" \/><\/figure>\n<\/figure>\n\n\n\n<p><\/p>\n\n\n\n<figure class=\"wp-block-gallery has-nested-images columns-default is-cropped wp-block-gallery-2 is-layout-flex wp-block-gallery-is-layout-flex\">\n<figure class=\"wp-block-image size-large\"><img loading=\"lazy\" decoding=\"async\" width=\"683\" height=\"1024\" data-id=\"9505\" src=\"https:\/\/www.ccactores.com\/wp-content\/uploads\/2017\/03\/AlbaBersabe-622-683x1024.jpg\" alt=\"\" class=\"wp-image-9505\" srcset=\"https:\/\/www.ccactores.com\/wp-content\/uploads\/2017\/03\/AlbaBersabe-622-683x1024.jpg 683w, https:\/\/www.ccactores.com\/wp-content\/uploads\/2017\/03\/AlbaBersabe-622-200x300.jpg 200w, https:\/\/www.ccactores.com\/wp-content\/uploads\/2017\/03\/AlbaBersabe-622-768x1152.jpg 768w, https:\/\/www.ccactores.com\/wp-content\/uploads\/2017\/03\/AlbaBersabe-622-1024x1536.jpg 1024w, https:\/\/www.ccactores.com\/wp-content\/uploads\/2017\/03\/AlbaBersabe-622-1366x2048.jpg 1366w, https:\/\/www.ccactores.com\/wp-content\/uploads\/2017\/03\/AlbaBersabe-622.jpg 1561w\" sizes=\"auto, (max-width: 683px) 100vw, 683px\" \/><\/figure>\n\n\n\n<figure class=\"wp-block-image size-large\"><img loading=\"lazy\" decoding=\"async\" width=\"683\" height=\"1024\" data-id=\"9507\" src=\"https:\/\/www.ccactores.com\/wp-content\/uploads\/2017\/03\/ALBA-BERSABE-68-683x1024.jpg\" alt=\"\" class=\"wp-image-9507\" srcset=\"https:\/\/www.ccactores.com\/wp-content\/uploads\/2017\/03\/ALBA-BERSABE-68-683x1024.jpg 683w, https:\/\/www.ccactores.com\/wp-content\/uploads\/2017\/03\/ALBA-BERSABE-68-200x300.jpg 200w, https:\/\/www.ccactores.com\/wp-content\/uploads\/2017\/03\/ALBA-BERSABE-68-768x1152.jpg 768w, https:\/\/www.ccactores.com\/wp-content\/uploads\/2017\/03\/ALBA-BERSABE-68-1024x1536.jpg 1024w, https:\/\/www.ccactores.com\/wp-content\/uploads\/2017\/03\/ALBA-BERSABE-68-1366x2048.jpg 1366w, https:\/\/www.ccactores.com\/wp-content\/uploads\/2017\/03\/ALBA-BERSABE-68.jpg 1561w\" sizes=\"auto, (max-width: 683px) 100vw, 683px\" \/><\/figure>\n<\/figure>\n\n\n\n<p><\/p>\n\n\n\n<p><\/p>\n\n\n\n<figure class=\"wp-block-embed is-type-video is-provider-youtube wp-block-embed-youtube wp-embed-aspect-16-9 wp-has-aspect-ratio\"><div class=\"wp-block-embed__wrapper\">\n<iframe loading=\"lazy\" title=\"Alba Bersab\u00e9  Videobook 2023\" width=\"640\" height=\"360\" src=\"https:\/\/www.youtube.com\/embed\/HvrFk_SapNM?feature=oembed\" frameborder=\"0\" allow=\"accelerometer; autoplay; clipboard-write; encrypted-media; gyroscope; picture-in-picture; web-share\" referrerpolicy=\"strict-origin-when-cross-origin\" allowfullscreen><\/iframe>\n<\/div><\/figure>\n\n\n\n<p><strong>INSTAGRAM:&nbsp;<a href=\"https:\/\/instagram.com\/alba_del_valle_jimenez_bersabe?igshid=wpnyy99iqdtf\">https:\/\/instagram.com\/alba_del_valle_jimenez_bersabe?igshid=wpnyy99iqdtf<\/a><\/strong><\/p>\n\n\n\n<p><a href=\"https:\/\/www.imdb.com\/name\/nm10209670\/\">IMDB<\/a><\/p>\n\n\n\n<p><strong>FECHA DE NACIMIENTO: 18-9-2009<\/strong><\/p>\n\n\n\n<p><strong>ESTUDIOS.&nbsp;<\/strong><\/p>\n\n\n\n<p>Bachillerato en Artes Esc\u00e9nicas.<\/p>\n\n\n\n<p>Teatro musical en Som Academy.<\/p>\n\n\n\n<p>Clases de interpretaci\u00f3n en Primera Toma (6\u00ba curso, Alto Rendimiento).<\/p>\n\n\n\n<p>Clases de canto, Escuela de M\u00fasica Partichela, con Cecilia Dimarco, 2023.<\/p>\n\n\n\n<p><strong>LARGOMETRAJES<\/strong><\/p>\n\n\n\n<p>\u00abMIKAELA\u00bb, Daniel Calparsoro, prod. Contubernio, 2024.<\/p>\n\n\n\n<p>\u00abHISTORIAS\u00bb de&nbsp; Paco Sep\u00falveda, 2021.<\/p>\n\n\n\n<p>\u00abDESCARRILADOS\u00bb de Fernando Garc\u00eda Ru\u00edz, producido por Mono Pictures, 2020.<\/p>\n\n\n\n<p>\u00abLUNNIS LA LEYENDA\u00bb de Cal\u00e9ndula Films, para TVE, 2018.<\/p>\n\n\n\n<p><strong>TEATRO<\/strong><\/p>\n\n\n\n<p>Blackbird, Teatro Lara, 2023.<\/p>\n\n\n\n<p>Una Historia de Amor, de Alexis Michalik, ptcteatro, 2021-2022.<\/p>\n\n\n\n<p><strong>SERIES<\/strong><\/p>\n\n\n\n<p>\u00abROMI\u00bb, personaje Olivia, JOKO TV, S.L., 2023.<\/p>\n\n\n\n<p>\u00abLA UNIDAD\u00bb, personaje \u00abL\u00faa\u00bb, temporada 3, Movistar +, 2022.<\/p>\n\n\n\n<p>\u00abLA UNIDAD\u00bb, personaje \u00abL\u00faa\u00bb, temporada 2, Movistar +, 2021.<\/p>\n\n\n\n<p>\u00abLA UNIDAD\u00bb, personaje \u00abL\u00faa\u00bb, temporada 1, Vacafilms, Movistar +, 2019.<\/p>\n\n\n\n<p>\u00abSE\u00d1ORAS DEL HAMPA\u00bb, personaje \u00abLidia\u00bb, TELECINCO, 2018.<\/p>\n\n\n\n<p>\u00abPRESUNTO CULPABLE\u00bb, personaje \u00abCarla\u00bb, productora Boomerang, ATRESMEDIA, 2018.<\/p>\n\n\n\n<p><strong>CORTOMETRAJES<\/strong><\/p>\n\n\n\n<p>\u00abDonde s\u00ed me ven\u00bb, protagonista, 2025.<\/p>\n\n\n\n<p>\u00abLuces de Navidad\u00bb, Omejia Producciones, 2024.<\/p>\n\n\n\n<p>\u00abHistoria de polic\u00edas\u00bb, 2023.<\/p>\n\n\n\n<p>\u00abEsto no es Noruega\u00bb, mordiscofilms, 2023.<\/p>\n\n\n\n<p>\u00abCaraoscura\u00bb de Raul Cerezada y Germ\u00e1n Sancho, 2022.<\/p>\n\n\n\n<p>\u00abLos claveles de luna\u00bb de Jean Bruce, 2022.<\/p>\n\n\n\n<p>\u00abPor un mundo mejor\u00bb de Aitor de Miguel, 2020.<\/p>\n\n\n\n<p>Conducci\u00f3n en la ceremonia de entrega del premio Fuente de Castalia, 2019.<\/p>\n\n\n\n<p><strong>OTROS ESTUDIOS<\/strong><\/p>\n\n\n\n<p><strong>Danza<\/strong>:&nbsp;Ballet y Jazz&nbsp;desde los 3&nbsp;a\u00f1os en Academia Dance School International Performance.<\/p>\n\n\n\n<p><strong>Idiomas:&nbsp;<\/strong>franc\u00e9s (A1), Ingl\u00e9s&nbsp;medio-alto (conversaci\u00f3n). Colegio Biling\u00fce.<\/p>\n\n\n\n<p><strong>Adiestramiento canino<\/strong>. Escuela Can School,&nbsp;Diploma escolar.<\/p>\n\n\n\n<p><strong>PUBLICIDAD<\/strong><\/p>\n\n\n\n<p>El Corte Ingl\u00e9s, Ikea, BBVA, Santander, Amex, Evo, Seguros Aegon, Pikolin, Samsung, Orange, Movistar, Juguettos, Seguros Divina Pastora, Iberia.<\/p>\n\n\n\n<p><strong>RECONOCIMIENTOS<\/strong><\/p>\n\n\n\n<p>Nominaci\u00f3n mejor actriz 2024 festival de cortos de M\u00edchigan Blood Bash.<\/p>\n\n\n\n<p>Premio Un Camino de Baldosas Amarillas (Certamen Audiovisual de Cabra 2024).<\/p>\n\n\n\n<p><strong>HABILIDADES<\/strong><\/p>\n\n\n\n<p>Pasi\u00f3n por los animales<\/p>\n\n\n\n<p>Baile y m\u00fasica<\/p>\n\n\n\n<p>Comunicativas<\/p>\n\n\n\n<p>Expresividad<\/p>\n\n\n\n<p>Creatividad.<\/p>\n","protected":false},"excerpt":{"rendered":"<p>INSTAGRAM:&nbsp;https:\/\/instagram.com\/alba_del_valle_jimenez_bersabe?igshid=wpnyy99iqdtf IMDB FECHA DE NACIMIENTO: 18-9-2009 ESTUDIOS.&nbsp; Bachillerato en Artes Esc\u00e9nicas. Teatro musical en Som Academy. Clases de interpretaci\u00f3n en Primera Toma (6\u00ba curso, Alto Rendimiento). Clases de canto, Escuela de M\u00fasica Partichela, con Cecilia Dimarco, 2023. LARGOMETRAJES \u00abMIKAELA\u00bb, Daniel Calparsoro, prod. Contubernio, 2024. \u00abHISTORIAS\u00bb de&nbsp; Paco Sep\u00falveda, 2021. \u00abDESCARRILADOS\u00bb de Fernando Garc\u00eda Ru\u00edz, producido por Mono Pictures, 2020. \u00abLUNNIS LA LEYENDA\u00bb de Cal\u00e9ndula Films, para TVE, 2018. TEATRO Blackbird, Teatro Lara, 2023. Una Historia de Amor, de Alexis Michalik, ptcteatro, 2021-2022. SERIES \u00abROMI\u00bb, personaje Olivia, JOKO TV, S.L., 2023. \u00abLA UNIDAD\u00bb, personaje \u00abL\u00faa\u00bb, temporada 3, Movistar +, 2022. \u00abLA UNIDAD\u00bb, personaje \u00abL\u00faa\u00bb, temporada 2, Movistar +, 2021. \u00abLA UNIDAD\u00bb,<a href=\"https:\/\/www.ccactores.com\/?p=1406\">[&#8230;]<\/a><\/p>\n","protected":false},"author":1,"featured_media":0,"comment_status":"closed","ping_status":"closed","sticky":false,"template":"","format":"standard","meta":{"footnotes":""},"categories":[1],"tags":[],"class_list":["post-1406","post","type-post","status-publish","format-standard","hentry","category-uncategorized"],"_links":{"self":[{"href":"https:\/\/www.ccactores.com\/index.php?rest_route=\/wp\/v2\/posts\/1406","targetHints":{"allow":["GET"]}}],"collection":[{"href":"https:\/\/www.ccactores.com\/index.php?rest_route=\/wp\/v2\/posts"}],"about":[{"href":"https:\/\/www.ccactores.com\/index.php?rest_route=\/wp\/v2\/types\/post"}],"author":[{"embeddable":true,"href":"https:\/\/www.ccactores.com\/index.php?rest_route=\/wp\/v2\/users\/1"}],"replies":[{"embeddable":true,"href":"https:\/\/www.ccactores.com\/index.php?rest_route=%2Fwp%2Fv2%2Fcomments&post=1406"}],"version-history":[{"count":72,"href":"https:\/\/www.ccactores.com\/index.php?rest_route=\/wp\/v2\/posts\/1406\/revisions"}],"predecessor-version":[{"id":9881,"href":"https:\/\/www.ccactores.com\/index.php?rest_route=\/wp\/v2\/posts\/1406\/revisions\/9881"}],"wp:attachment":[{"href":"https:\/\/www.ccactores.com\/index.php?rest_route=%2Fwp%2Fv2%2Fmedia&parent=1406"}],"wp:term":[{"taxonomy":"category","embeddable":true,"href":"https:\/\/www.ccactores.com\/index.php?rest_route=%2Fwp%2Fv2%2Fcategories&post=1406"},{"taxonomy":"post_tag","embeddable":true,"href":"https:\/\/www.ccactores.com\/index.php?rest_route=%2Fwp%2Fv2%2Ftags&post=1406"}],"curies":[{"name":"wp","href":"https:\/\/api.w.org\/{rel}","templated":true}]}}